{"id":56842,"date":"2022-12-13T17:13:12","date_gmt":"2022-12-13T15:13:12","guid":{"rendered":"https:\/\/www.rob-son.nl\/?p=56842"},"modified":"2025-04-28T13:21:54","modified_gmt":"2025-04-28T11:21:54","slug":"ambaflex-spiralveyor-sv","status":"publish","type":"post","link":"https:\/\/www.rob-son.nl\/de\/buchbindereimaschinen\/klebebinder\/peripheriegerate\/ambaflex-spiralveyor-sv\/","title":{"rendered":"Ambaflex Spiralveyor SV<span class=\"badge-status\" style=\"background:#E6182C\">VERKAUFT<\/span>&nbsp;"},"content":{"rendered":"\n<style type=\"text\/css\" data-created_by=\"avia_inline_auto\" id=\"style-css-av-3hti0oe-221776f713e69b19804791022985d3b4\">\n.flex_column.av-3hti0oe-221776f713e69b19804791022985d3b4{\nborder-radius:0px 0px 0px 0px;\npadding:0px 0px 0px 0px;\n}\n<\/style>\n<div  class='flex_column av-3hti0oe-221776f713e69b19804791022985d3b4 av_one_half  avia-builder-el-0  el_before_av_one_half  avia-builder-el-first  first flex_column_div av-zero-column-padding  '     ><style type=\"text\/css\" data-created_by=\"avia_inline_auto\" id=\"style-css-av-36vns0e-80ec4c2e17a9525fa7aa1b210702db1e\">\n#top .avia-gallery.av-36vns0e-80ec4c2e17a9525fa7aa1b210702db1e .avia-gallery-thumb a{\nwidth:10%;\n}\n<\/style>\n<div  class='avia-gallery av-36vns0e-80ec4c2e17a9525fa7aa1b210702db1e avia_animate_when_visible  avia-builder-el-1  avia-builder-el-no-sibling  deactivate_avia_lazyload av-slideshow-ui av-loop-manual-endless av-control-hidden av-navigate-arrows av-navigate-dots hover-effect av-control-hidden avia-gallery-animate avia-gallery-1'  itemprop=\"image\" itemscope=\"itemscope\" itemtype=\"https:\/\/schema.org\/ImageObject\" ><meta itemprop=\"contentURL\" content=\"https:\/\/www.rob-son.nl\/de\/buchbindereimaschinen\/klebebinder\/peripheriegerate\/ambaflex-spiralveyor-sv\/\"><div class='avia-gallery-big-wrapper'><a class='avia-gallery-big fakeLightbox lightbox avia-gallery-big-no-crop-thumb ' href=\"https:\/\/www.rob-son.nl\/wp-content\/uploads\/2022\/09\/Ambaflex-SV-Spiral-Conveyor-2016-1.jpeg\" data-srcset=\"https:\/\/www.rob-son.nl\/wp-content\/uploads\/2022\/09\/Ambaflex-SV-Spiral-Conveyor-2016-1.jpeg 800w, https:\/\/www.rob-son.nl\/wp-content\/uploads\/2022\/09\/Ambaflex-SV-Spiral-Conveyor-2016-1-577x433.jpeg 577w, https:\/\/www.rob-son.nl\/wp-content\/uploads\/2022\/09\/Ambaflex-SV-Spiral-Conveyor-2016-1-200x150.jpeg 200w, https:\/\/www.rob-son.nl\/wp-content\/uploads\/2022\/09\/Ambaflex-SV-Spiral-Conveyor-2016-1-705x529.jpeg 705w, https:\/\/www.rob-son.nl\/wp-content\/uploads\/2022\/09\/Ambaflex-SV-Spiral-Conveyor-2016-1-450x338.jpeg 450w, https:\/\/www.rob-son.nl\/wp-content\/uploads\/2022\/09\/Ambaflex-SV-Spiral-Conveyor-2016-1-600x450.jpeg 600w, https:\/\/www.rob-son.nl\/wp-content\/uploads\/2022\/09\/Ambaflex-SV-Spiral-Conveyor-2016-1-80x60.jpeg 80w\" data-sizes=\"(max-width: 800px) 100vw, 800px\"  data-onclick='1' title='Ambaflex SV Spiral Conveyor 2016 1' ><span class='avia-gallery-big-inner'  itemprop=\"thumbnailUrl\" ><img decoding=\"async\" fetchpriority=\"high\" class=\"wp-image-56855 avia-img-lazy-loading-not-56855\"  width=\"800\" height=\"600\" src=\"https:\/\/www.rob-son.nl\/wp-content\/uploads\/2022\/09\/Ambaflex-SV-Spiral-Conveyor-2016-1.jpeg\" title='Ambaflex SV Spiral Conveyor 2016 1' alt='' srcset=\"https:\/\/www.rob-son.nl\/wp-content\/uploads\/2022\/09\/Ambaflex-SV-Spiral-Conveyor-2016-1.jpeg 800w, https:\/\/www.rob-son.nl\/wp-content\/uploads\/2022\/09\/Ambaflex-SV-Spiral-Conveyor-2016-1-577x433.jpeg 577w, https:\/\/www.rob-son.nl\/wp-content\/uploads\/2022\/09\/Ambaflex-SV-Spiral-Conveyor-2016-1-200x150.jpeg 200w, https:\/\/www.rob-son.nl\/wp-content\/uploads\/2022\/09\/Ambaflex-SV-Spiral-Conveyor-2016-1-705x529.jpeg 705w, https:\/\/www.rob-son.nl\/wp-content\/uploads\/2022\/09\/Ambaflex-SV-Spiral-Conveyor-2016-1-450x338.jpeg 450w, https:\/\/www.rob-son.nl\/wp-content\/uploads\/2022\/09\/Ambaflex-SV-Spiral-Conveyor-2016-1-600x450.jpeg 600w, https:\/\/www.rob-son.nl\/wp-content\/uploads\/2022\/09\/Ambaflex-SV-Spiral-Conveyor-2016-1-80x60.jpeg 80w\" sizes=\"(max-width: 800px) 100vw, 800px\" \/><\/span><\/a><\/div><div class='avia-gallery-thumb'><a href=\"https:\/\/www.rob-son.nl\/wp-content\/uploads\/2022\/09\/Ambaflex-SV-Spiral-Conveyor-2016-1.jpeg\" data-srcset=\"https:\/\/www.rob-son.nl\/wp-content\/uploads\/2022\/09\/Ambaflex-SV-Spiral-Conveyor-2016-1.jpeg 800w, https:\/\/www.rob-son.nl\/wp-content\/uploads\/2022\/09\/Ambaflex-SV-Spiral-Conveyor-2016-1-577x433.jpeg 577w, https:\/\/www.rob-son.nl\/wp-content\/uploads\/2022\/09\/Ambaflex-SV-Spiral-Conveyor-2016-1-200x150.jpeg 200w, https:\/\/www.rob-son.nl\/wp-content\/uploads\/2022\/09\/Ambaflex-SV-Spiral-Conveyor-2016-1-705x529.jpeg 705w, https:\/\/www.rob-son.nl\/wp-content\/uploads\/2022\/09\/Ambaflex-SV-Spiral-Conveyor-2016-1-450x338.jpeg 450w, https:\/\/www.rob-son.nl\/wp-content\/uploads\/2022\/09\/Ambaflex-SV-Spiral-Conveyor-2016-1-600x450.jpeg 600w, https:\/\/www.rob-son.nl\/wp-content\/uploads\/2022\/09\/Ambaflex-SV-Spiral-Conveyor-2016-1-80x60.jpeg 80w\" data-sizes=\"(max-width: 800px) 100vw, 800px\" data-rel='gallery-1' data-prev-img='https:\/\/www.rob-son.nl\/wp-content\/uploads\/2022\/09\/Ambaflex-SV-Spiral-Conveyor-2016-1.jpeg' class='first_thumb lightbox ' data-onclick='1' title='Ambaflex SV Spiral Conveyor 2016 1'  itemprop=\"thumbnailUrl\"  ><img decoding=\"async\" fetchpriority=\"high\" class=\"wp-image-56855 avia-img-lazy-loading-not-56855\"   src=\"https:\/\/www.rob-son.nl\/wp-content\/uploads\/2022\/09\/Ambaflex-SV-Spiral-Conveyor-2016-1-36x36.jpeg\" width=\"36\" height=\"36\"  title='Ambaflex SV Spiral Conveyor 2016 1' alt='' srcset=\"https:\/\/www.rob-son.nl\/wp-content\/uploads\/2022\/09\/Ambaflex-SV-Spiral-Conveyor-2016-1-36x36.jpeg 36w, https:\/\/www.rob-son.nl\/wp-content\/uploads\/2022\/09\/Ambaflex-SV-Spiral-Conveyor-2016-1-120x120.jpeg 120w, https:\/\/www.rob-son.nl\/wp-content\/uploads\/2022\/09\/Ambaflex-SV-Spiral-Conveyor-2016-1-450x450.jpeg 450w, https:\/\/www.rob-son.nl\/wp-content\/uploads\/2022\/09\/Ambaflex-SV-Spiral-Conveyor-2016-1-100x100.jpeg 100w, https:\/\/www.rob-son.nl\/wp-content\/uploads\/2022\/09\/Ambaflex-SV-Spiral-Conveyor-2016-1-180x180.jpeg 180w\" sizes=\"(max-width: 36px) 100vw, 36px\" \/><div class='big-prev-fake'><img decoding=\"async\" loading=\"lazy\" class=\"wp-image-56855 avia-img-lazy-loading-56855\"  width=\"800\" height=\"600\" src=\"https:\/\/www.rob-son.nl\/wp-content\/uploads\/2022\/09\/Ambaflex-SV-Spiral-Conveyor-2016-1.jpeg\" title='Ambaflex SV Spiral Conveyor 2016 1' alt='' srcset=\"https:\/\/www.rob-son.nl\/wp-content\/uploads\/2022\/09\/Ambaflex-SV-Spiral-Conveyor-2016-1.jpeg 800w, https:\/\/www.rob-son.nl\/wp-content\/uploads\/2022\/09\/Ambaflex-SV-Spiral-Conveyor-2016-1-577x433.jpeg 577w, https:\/\/www.rob-son.nl\/wp-content\/uploads\/2022\/09\/Ambaflex-SV-Spiral-Conveyor-2016-1-200x150.jpeg 200w, https:\/\/www.rob-son.nl\/wp-content\/uploads\/2022\/09\/Ambaflex-SV-Spiral-Conveyor-2016-1-705x529.jpeg 705w, https:\/\/www.rob-son.nl\/wp-content\/uploads\/2022\/09\/Ambaflex-SV-Spiral-Conveyor-2016-1-450x338.jpeg 450w, https:\/\/www.rob-son.nl\/wp-content\/uploads\/2022\/09\/Ambaflex-SV-Spiral-Conveyor-2016-1-600x450.jpeg 600w, https:\/\/www.rob-son.nl\/wp-content\/uploads\/2022\/09\/Ambaflex-SV-Spiral-Conveyor-2016-1-80x60.jpeg 80w\" sizes=\"auto, (max-width: 800px) 100vw, 800px\" \/><\/div><\/a><a href=\"https:\/\/www.rob-son.nl\/wp-content\/uploads\/2022\/09\/Ambaflex-SV-Spiral-Conveyor-2016-2.jpeg\" data-srcset=\"https:\/\/www.rob-son.nl\/wp-content\/uploads\/2022\/09\/Ambaflex-SV-Spiral-Conveyor-2016-2.jpeg 800w, https:\/\/www.rob-son.nl\/wp-content\/uploads\/2022\/09\/Ambaflex-SV-Spiral-Conveyor-2016-2-577x433.jpeg 577w, https:\/\/www.rob-son.nl\/wp-content\/uploads\/2022\/09\/Ambaflex-SV-Spiral-Conveyor-2016-2-80x60.jpeg 80w, https:\/\/www.rob-son.nl\/wp-content\/uploads\/2022\/09\/Ambaflex-SV-Spiral-Conveyor-2016-2-705x529.jpeg 705w, https:\/\/www.rob-son.nl\/wp-content\/uploads\/2022\/09\/Ambaflex-SV-Spiral-Conveyor-2016-2-450x338.jpeg 450w, https:\/\/www.rob-son.nl\/wp-content\/uploads\/2022\/09\/Ambaflex-SV-Spiral-Conveyor-2016-2-600x450.jpeg 600w, https:\/\/www.rob-son.nl\/wp-content\/uploads\/2022\/09\/Ambaflex-SV-Spiral-Conveyor-2016-2-200x150.jpeg 200w\" data-sizes=\"(max-width: 800px) 100vw, 800px\" data-rel='gallery-1' data-prev-img='https:\/\/www.rob-son.nl\/wp-content\/uploads\/2022\/09\/Ambaflex-SV-Spiral-Conveyor-2016-2.jpeg' class='lightbox ' data-onclick='2' title='Ambaflex SV Spiral Conveyor 2016 2'  itemprop=\"thumbnailUrl\"  ><img decoding=\"async\" fetchpriority=\"high\" class=\"wp-image-56852 avia-img-lazy-loading-not-56852\"   src=\"https:\/\/www.rob-son.nl\/wp-content\/uploads\/2022\/09\/Ambaflex-SV-Spiral-Conveyor-2016-2-36x36.jpeg\" width=\"36\" height=\"36\"  title='Ambaflex SV Spiral Conveyor 2016 2' alt='' srcset=\"https:\/\/www.rob-son.nl\/wp-content\/uploads\/2022\/09\/Ambaflex-SV-Spiral-Conveyor-2016-2-36x36.jpeg 36w, https:\/\/www.rob-son.nl\/wp-content\/uploads\/2022\/09\/Ambaflex-SV-Spiral-Conveyor-2016-2-180x180.jpeg 180w, https:\/\/www.rob-son.nl\/wp-content\/uploads\/2022\/09\/Ambaflex-SV-Spiral-Conveyor-2016-2-120x120.jpeg 120w, https:\/\/www.rob-son.nl\/wp-content\/uploads\/2022\/09\/Ambaflex-SV-Spiral-Conveyor-2016-2-450x450.jpeg 450w, https:\/\/www.rob-son.nl\/wp-content\/uploads\/2022\/09\/Ambaflex-SV-Spiral-Conveyor-2016-2-100x100.jpeg 100w\" sizes=\"(max-width: 36px) 100vw, 36px\" \/><div class='big-prev-fake'><img decoding=\"async\" loading=\"lazy\" class=\"wp-image-56852 avia-img-lazy-loading-56852\"  width=\"800\" height=\"600\" src=\"https:\/\/www.rob-son.nl\/wp-content\/uploads\/2022\/09\/Ambaflex-SV-Spiral-Conveyor-2016-2.jpeg\" title='Ambaflex SV Spiral Conveyor 2016 2' alt='' srcset=\"https:\/\/www.rob-son.nl\/wp-content\/uploads\/2022\/09\/Ambaflex-SV-Spiral-Conveyor-2016-2.jpeg 800w, https:\/\/www.rob-son.nl\/wp-content\/uploads\/2022\/09\/Ambaflex-SV-Spiral-Conveyor-2016-2-577x433.jpeg 577w, https:\/\/www.rob-son.nl\/wp-content\/uploads\/2022\/09\/Ambaflex-SV-Spiral-Conveyor-2016-2-80x60.jpeg 80w, https:\/\/www.rob-son.nl\/wp-content\/uploads\/2022\/09\/Ambaflex-SV-Spiral-Conveyor-2016-2-705x529.jpeg 705w, https:\/\/www.rob-son.nl\/wp-content\/uploads\/2022\/09\/Ambaflex-SV-Spiral-Conveyor-2016-2-450x338.jpeg 450w, https:\/\/www.rob-son.nl\/wp-content\/uploads\/2022\/09\/Ambaflex-SV-Spiral-Conveyor-2016-2-600x450.jpeg 600w, https:\/\/www.rob-son.nl\/wp-content\/uploads\/2022\/09\/Ambaflex-SV-Spiral-Conveyor-2016-2-200x150.jpeg 200w\" sizes=\"auto, (max-width: 800px) 100vw, 800px\" \/><\/div><\/a><a href=\"https:\/\/www.rob-son.nl\/wp-content\/uploads\/2022\/09\/Ambaflex-SV-Spiral-Conveyor-2016-3.jpeg\" data-srcset=\"https:\/\/www.rob-son.nl\/wp-content\/uploads\/2022\/09\/Ambaflex-SV-Spiral-Conveyor-2016-3.jpeg 800w, https:\/\/www.rob-son.nl\/wp-content\/uploads\/2022\/09\/Ambaflex-SV-Spiral-Conveyor-2016-3-577x433.jpeg 577w, https:\/\/www.rob-son.nl\/wp-content\/uploads\/2022\/09\/Ambaflex-SV-Spiral-Conveyor-2016-3-80x60.jpeg 80w, https:\/\/www.rob-son.nl\/wp-content\/uploads\/2022\/09\/Ambaflex-SV-Spiral-Conveyor-2016-3-705x529.jpeg 705w, https:\/\/www.rob-son.nl\/wp-content\/uploads\/2022\/09\/Ambaflex-SV-Spiral-Conveyor-2016-3-450x338.jpeg 450w, https:\/\/www.rob-son.nl\/wp-content\/uploads\/2022\/09\/Ambaflex-SV-Spiral-Conveyor-2016-3-600x450.jpeg 600w, https:\/\/www.rob-son.nl\/wp-content\/uploads\/2022\/09\/Ambaflex-SV-Spiral-Conveyor-2016-3-200x150.jpeg 200w\" data-sizes=\"(max-width: 800px) 100vw, 800px\" data-rel='gallery-1' data-prev-img='https:\/\/www.rob-son.nl\/wp-content\/uploads\/2022\/09\/Ambaflex-SV-Spiral-Conveyor-2016-3.jpeg' class='lightbox ' data-onclick='3' title='Ambaflex SV Spiral Conveyor 2016 3'  itemprop=\"thumbnailUrl\"  ><img decoding=\"async\" fetchpriority=\"high\" class=\"wp-image-56849 avia-img-lazy-loading-not-56849\"   src=\"https:\/\/www.rob-son.nl\/wp-content\/uploads\/2022\/09\/Ambaflex-SV-Spiral-Conveyor-2016-3-36x36.jpeg\" width=\"36\" height=\"36\"  title='Ambaflex SV Spiral Conveyor 2016 3' alt='' srcset=\"https:\/\/www.rob-son.nl\/wp-content\/uploads\/2022\/09\/Ambaflex-SV-Spiral-Conveyor-2016-3-36x36.jpeg 36w, https:\/\/www.rob-son.nl\/wp-content\/uploads\/2022\/09\/Ambaflex-SV-Spiral-Conveyor-2016-3-180x180.jpeg 180w, https:\/\/www.rob-son.nl\/wp-content\/uploads\/2022\/09\/Ambaflex-SV-Spiral-Conveyor-2016-3-120x120.jpeg 120w, https:\/\/www.rob-son.nl\/wp-content\/uploads\/2022\/09\/Ambaflex-SV-Spiral-Conveyor-2016-3-450x450.jpeg 450w, https:\/\/www.rob-son.nl\/wp-content\/uploads\/2022\/09\/Ambaflex-SV-Spiral-Conveyor-2016-3-100x100.jpeg 100w\" sizes=\"(max-width: 36px) 100vw, 36px\" \/><div class='big-prev-fake'><img decoding=\"async\" loading=\"lazy\" class=\"wp-image-56849 avia-img-lazy-loading-56849\"  width=\"800\" height=\"600\" src=\"https:\/\/www.rob-son.nl\/wp-content\/uploads\/2022\/09\/Ambaflex-SV-Spiral-Conveyor-2016-3.jpeg\" title='Ambaflex SV Spiral Conveyor 2016 3' alt='' srcset=\"https:\/\/www.rob-son.nl\/wp-content\/uploads\/2022\/09\/Ambaflex-SV-Spiral-Conveyor-2016-3.jpeg 800w, https:\/\/www.rob-son.nl\/wp-content\/uploads\/2022\/09\/Ambaflex-SV-Spiral-Conveyor-2016-3-577x433.jpeg 577w, https:\/\/www.rob-son.nl\/wp-content\/uploads\/2022\/09\/Ambaflex-SV-Spiral-Conveyor-2016-3-80x60.jpeg 80w, https:\/\/www.rob-son.nl\/wp-content\/uploads\/2022\/09\/Ambaflex-SV-Spiral-Conveyor-2016-3-705x529.jpeg 705w, https:\/\/www.rob-son.nl\/wp-content\/uploads\/2022\/09\/Ambaflex-SV-Spiral-Conveyor-2016-3-450x338.jpeg 450w, https:\/\/www.rob-son.nl\/wp-content\/uploads\/2022\/09\/Ambaflex-SV-Spiral-Conveyor-2016-3-600x450.jpeg 600w, https:\/\/www.rob-son.nl\/wp-content\/uploads\/2022\/09\/Ambaflex-SV-Spiral-Conveyor-2016-3-200x150.jpeg 200w\" sizes=\"auto, (max-width: 800px) 100vw, 800px\" \/><\/div><\/a><a href=\"https:\/\/www.rob-son.nl\/wp-content\/uploads\/2022\/09\/Ambaflex-SV-Spiral-Conveyor-2016-4.jpeg\" data-srcset=\"https:\/\/www.rob-son.nl\/wp-content\/uploads\/2022\/09\/Ambaflex-SV-Spiral-Conveyor-2016-4.jpeg 800w, https:\/\/www.rob-son.nl\/wp-content\/uploads\/2022\/09\/Ambaflex-SV-Spiral-Conveyor-2016-4-577x433.jpeg 577w, https:\/\/www.rob-son.nl\/wp-content\/uploads\/2022\/09\/Ambaflex-SV-Spiral-Conveyor-2016-4-80x60.jpeg 80w, https:\/\/www.rob-son.nl\/wp-content\/uploads\/2022\/09\/Ambaflex-SV-Spiral-Conveyor-2016-4-705x529.jpeg 705w, https:\/\/www.rob-son.nl\/wp-content\/uploads\/2022\/09\/Ambaflex-SV-Spiral-Conveyor-2016-4-450x338.jpeg 450w, https:\/\/www.rob-son.nl\/wp-content\/uploads\/2022\/09\/Ambaflex-SV-Spiral-Conveyor-2016-4-600x450.jpeg 600w, https:\/\/www.rob-son.nl\/wp-content\/uploads\/2022\/09\/Ambaflex-SV-Spiral-Conveyor-2016-4-200x150.jpeg 200w\" data-sizes=\"(max-width: 800px) 100vw, 800px\" data-rel='gallery-1' data-prev-img='https:\/\/www.rob-son.nl\/wp-content\/uploads\/2022\/09\/Ambaflex-SV-Spiral-Conveyor-2016-4.jpeg' class='lightbox ' data-onclick='4' title='Ambaflex SV Spiral Conveyor 2016 4'  itemprop=\"thumbnailUrl\"  ><img decoding=\"async\" fetchpriority=\"high\" class=\"wp-image-56846 avia-img-lazy-loading-not-56846\"   src=\"https:\/\/www.rob-son.nl\/wp-content\/uploads\/2022\/09\/Ambaflex-SV-Spiral-Conveyor-2016-4-36x36.jpeg\" width=\"36\" height=\"36\"  title='Ambaflex SV Spiral Conveyor 2016 4' alt='' srcset=\"https:\/\/www.rob-son.nl\/wp-content\/uploads\/2022\/09\/Ambaflex-SV-Spiral-Conveyor-2016-4-36x36.jpeg 36w, https:\/\/www.rob-son.nl\/wp-content\/uploads\/2022\/09\/Ambaflex-SV-Spiral-Conveyor-2016-4-180x180.jpeg 180w, https:\/\/www.rob-son.nl\/wp-content\/uploads\/2022\/09\/Ambaflex-SV-Spiral-Conveyor-2016-4-120x120.jpeg 120w, https:\/\/www.rob-son.nl\/wp-content\/uploads\/2022\/09\/Ambaflex-SV-Spiral-Conveyor-2016-4-450x450.jpeg 450w, https:\/\/www.rob-son.nl\/wp-content\/uploads\/2022\/09\/Ambaflex-SV-Spiral-Conveyor-2016-4-100x100.jpeg 100w\" sizes=\"(max-width: 36px) 100vw, 36px\" \/><div class='big-prev-fake'><img decoding=\"async\" loading=\"lazy\" class=\"wp-image-56846 avia-img-lazy-loading-56846\"  width=\"800\" height=\"600\" src=\"https:\/\/www.rob-son.nl\/wp-content\/uploads\/2022\/09\/Ambaflex-SV-Spiral-Conveyor-2016-4.jpeg\" title='Ambaflex SV Spiral Conveyor 2016 4' alt='' srcset=\"https:\/\/www.rob-son.nl\/wp-content\/uploads\/2022\/09\/Ambaflex-SV-Spiral-Conveyor-2016-4.jpeg 800w, https:\/\/www.rob-son.nl\/wp-content\/uploads\/2022\/09\/Ambaflex-SV-Spiral-Conveyor-2016-4-577x433.jpeg 577w, https:\/\/www.rob-son.nl\/wp-content\/uploads\/2022\/09\/Ambaflex-SV-Spiral-Conveyor-2016-4-80x60.jpeg 80w, https:\/\/www.rob-son.nl\/wp-content\/uploads\/2022\/09\/Ambaflex-SV-Spiral-Conveyor-2016-4-705x529.jpeg 705w, https:\/\/www.rob-son.nl\/wp-content\/uploads\/2022\/09\/Ambaflex-SV-Spiral-Conveyor-2016-4-450x338.jpeg 450w, https:\/\/www.rob-son.nl\/wp-content\/uploads\/2022\/09\/Ambaflex-SV-Spiral-Conveyor-2016-4-600x450.jpeg 600w, https:\/\/www.rob-son.nl\/wp-content\/uploads\/2022\/09\/Ambaflex-SV-Spiral-Conveyor-2016-4-200x150.jpeg 200w\" sizes=\"auto, (max-width: 800px) 100vw, 800px\" \/><\/div><\/a><\/div><\/div><\/div>\n\n<style type=\"text\/css\" data-created_by=\"avia_inline_auto\" id=\"style-css-av-2qvzr72-9472d3949462029aca28340a434740c3\">\n.flex_column.av-2qvzr72-9472d3949462029aca28340a434740c3{\nborder-radius:0px 0px 0px 0px;\npadding:0px 0px 0px 0px;\n}\n<\/style>\n<div  class='flex_column av-2qvzr72-9472d3949462029aca28340a434740c3 av_one_half  avia-builder-el-2  el_after_av_one_half  el_before_av_hr  flex_column_div av-zero-column-padding  '     ><section  class='av_textblock_section av-23dhnam-858afa1a0659b4a0b2e8eb96360e451c '   itemscope=\"itemscope\" itemtype=\"https:\/\/schema.org\/BlogPosting\" itemprop=\"blogPost\" ><div class='avia_textblock'  itemprop=\"text\" ><p><span class=\"sold\">VERKAUFT<\/span><\/p>\n<h2 class=\"font-bold m-b-xs\">Ambaflex Spiralveyor SV<\/h2>\n<div class=\"col-md-12 no-padding\"><\/div>\n<table style=\"font-size: 16px;\">\n<tbody>\n<tr class=\"row-1\">\n<td class=\"column-1\"><strong>Referenz<\/strong><\/td>\n<td class=\"column-2\">11990<\/td>\n<\/tr>\n<tr class=\"row-2\">\n<td class=\"column-1\"><b>Produzent<\/b><\/td>\n<td class=\"column-2\"><b>Ambaflex<\/b><\/td>\n<\/tr>\n<tr class=\"row-3\">\n<td class=\"column-1\"><strong>Typ<\/strong><\/td>\n<td class=\"column-2\">Spiralveyor SV<\/td>\n<\/tr>\n<tr class=\"row-5\">\n<td class=\"column-1\"><strong>Baujahr<\/strong><\/td>\n<td class=\"column-2\">2016<\/td>\n<\/tr>\n<tr class=\"row-6\">\n<td class=\"column-1\"><strong>Spezifikationen<\/strong><\/td>\n<td class=\"column-2\">\n<div>\n<p>Der SpiralVeyor SV ist unser Allzweck-Spiralf\u00f6rderer f\u00fcr mittelgro\u00dfe bis gro\u00dfe Produkte. Dieser Spiralf\u00f6rderer eignet sich ideal f\u00fcr sekund\u00e4r verpackte Produkte und Beh\u00e4lter im Logistikbereich und wird f\u00fcr das H\u00f6henf\u00f6rdern bis hin zum Akkumulieren eingesetzt.<\/p>\n<p>Das von AmbaFlex patentierte einfache und zuverl\u00e4ssige laterale Rollengurtr\u00fcckf\u00fchrsystem macht Bedienelemente und Sensoren \u00fcberfl\u00fcssig. Die kontinuierlich laufende Bewegung ist die perfekte L\u00f6sung f\u00fcr herausfordernde Situationen, die mit dem Transport von unstabilen Produkten und hohen Produktionsgeschwindigkeiten verbunden sind. Mit gleich mehreren tausend weltweit in Betrieb befindlichen Maschinen (u. a. bei sehr anspruchsvollen multinationalen Kunden) setzt der SpiralVeyor SV von AmbaFlex neue Ma\u00dfst\u00e4be in der Branche.<\/p>\n<\/div>\n<div data-canvas-width=\"713.8789821864144\"><\/div>\n<\/td>\n<\/tr>\n<tr class=\"row-7\">\n<td class=\"column-1\"><strong>Zustand<\/strong><\/td>\n<td class=\"column-2\">gebraucht<\/td>\n<\/tr>\n<tr class=\"row-8\">\n<td class=\"column-1\"><b>Lieferzeit<\/b><\/td>\n<td class=\"column-2\">sofort aus Lager<\/td>\n<\/tr>\n<\/tbody>\n<\/table>\n<h2><\/h2>\n<\/div><\/section><\/div>\n<style type=\"text\/css\" data-created_by=\"avia_inline_auto\" id=\"style-css-av-1qg9j72-31684fad3cf8ee2cab4c5aa78ac6ac3d\">\n#top .hr.hr-invisible.av-1qg9j72-31684fad3cf8ee2cab4c5aa78ac6ac3d{\nheight:25px;\n}\n<\/style>\n<div  class='hr av-1qg9j72-31684fad3cf8ee2cab4c5aa78ac6ac3d hr-invisible  avia-builder-el-4  el_after_av_one_half  el_before_av_one_full '><span class='hr-inner '><span class=\"hr-inner-style\"><\/span><\/span><\/div><\/p>\n\n<style type=\"text\/css\" data-created_by=\"avia_inline_auto\" id=\"style-css-av-1b60pwu-ee22a00bd505c6128b1325079dcd4307\">\n.flex_column.av-1b60pwu-ee22a00bd505c6128b1325079dcd4307{\nborder-width:1px;\nborder-color:#e8e8e8;\nborder-style:solid;\nborder-radius:0px 0px 0px 0px;\npadding:15px 15px 15px 15px;\nbackground-color:#f6f6f6;\n}\n<\/style>\n<div  class='flex_column av-1b60pwu-ee22a00bd505c6128b1325079dcd4307 av_one_full  avia-builder-el-5  el_after_av_hr  avia-builder-el-last  first flex_column_div  '     ><section  class='av_textblock_section av-k7qlce-853b3b78387b04df9d196f1847dcf4a6 '   itemscope=\"itemscope\" itemtype=\"https:\/\/schema.org\/BlogPosting\" itemprop=\"blogPost\" ><div class='avia_textblock'  itemprop=\"text\" ><h3>Anfrage Angebot<\/h3>\n\n<div class=\"wpcf7 no-js\" id=\"wpcf7-f16902-o1\" lang=\"en-US\" dir=\"ltr\" data-wpcf7-id=\"16902\">\n<div class=\"screen-reader-response\"><p role=\"status\" aria-live=\"polite\" aria-atomic=\"true\"><\/p> <ul><\/ul><\/div>\n<form action=\"\/de\/wp-json\/wp\/v2\/posts\/56842#wpcf7-f16902-o1\" method=\"post\" class=\"wpcf7-form init wpcf7-acceptance-as-validation wpb_gqb_form_product_info_hide\" aria-label=\"Contact form\" novalidate=\"novalidate\" data-status=\"init\">\n<fieldset class=\"hidden-fields-container\"><input type=\"hidden\" name=\"_wpcf7\" value=\"16902\" \/><input type=\"hidden\" name=\"_wpcf7_version\" value=\"6.1.5\" \/><input type=\"hidden\" name=\"_wpcf7_locale\" value=\"en_US\" \/><input type=\"hidden\" name=\"_wpcf7_unit_tag\" value=\"wpcf7-f16902-o1\" \/><input type=\"hidden\" name=\"_wpcf7_container_post\" value=\"0\" \/><input type=\"hidden\" name=\"_wpcf7_posted_data_hash\" value=\"\" \/><input type=\"hidden\" name=\"_wpcf7dtx_version\" value=\"5.0.5\" \/><input type=\"hidden\" name=\"_wpcf7_recaptcha_response\" value=\"\" \/>\n<\/fieldset>\n<div class=\"wpcf7-response-output\" aria-hidden=\"true\"><\/div>\n<div id=\"responsive-form\" class=\"clearfix\">\n\t<div class=\"form-row\">\n\t\t<div class=\"column-half\">\n\t\t\t<p><span class=\"wpcf7-form-control-wrap\" data-name=\"your-name\"><input size=\"40\" maxlength=\"400\" class=\"wpcf7-form-control wpcf7-text wpcf7-validates-as-required\" aria-required=\"true\" aria-invalid=\"false\" placeholder=\"Name\" value=\"\" type=\"text\" name=\"your-name\" \/><\/span>\n\t\t\t<\/p>\n\t\t<\/div>\n\t\t<div class=\"column-half\">\n\t\t\t<p><span class=\"wpcf7-form-control-wrap\" data-name=\"your-company\"><input size=\"40\" maxlength=\"400\" class=\"wpcf7-form-control wpcf7-text\" aria-invalid=\"false\" placeholder=\"Firmenname\" value=\"\" type=\"text\" name=\"your-company\" \/><\/span>\n\t\t\t<\/p>\n\t\t<\/div>\n\t<\/div>\n\t<div class=\"form-row\">\n\t\t<div class=\"column-half\">\n\t\t\t<p><span class=\"wpcf7-form-control-wrap\" data-name=\"your-email\"><input size=\"40\" maxlength=\"400\" class=\"wpcf7-form-control wpcf7-email wpcf7-validates-as-required wpcf7-text wpcf7-validates-as-email\" aria-required=\"true\" aria-invalid=\"false\" placeholder=\"E-mail\" value=\"\" type=\"email\" name=\"your-email\" \/><\/span>\n\t\t\t<\/p>\n\t\t<\/div>\n\t\t<div class=\"column-half\">\n\t\t\t<p><span class=\"wpcf7-form-control-wrap\" data-name=\"your-phone\"><input size=\"40\" maxlength=\"400\" class=\"wpcf7-form-control wpcf7-text\" aria-invalid=\"false\" placeholder=\"Telefonnummer\" value=\"\" type=\"text\" name=\"your-phone\" \/><\/span>\n\t\t\t<\/p>\n\t\t<\/div>\n\t<\/div>\n\t<div class=\"form-row\">\n\t\t<div class=\"column-full\">\n\t\t\t<p><span class=\"wpcf7-form-control-wrap\" data-name=\"your-message\"><textarea cols=\"40\" rows=\"10\" maxlength=\"2000\" class=\"wpcf7-form-control wpcf7-textarea\" aria-invalid=\"false\" placeholder=\"Nachricht\" name=\"your-message\"><\/textarea><\/span>\n\t\t\t<\/p>\n\t\t<\/div>\n\t<\/div>\n\t<div class=\"form-row\">\n\t\t<div class=\"column-full\">\n\t\t\t<p>Select typ:<br \/>\n<span class=\"wpcf7-form-control-wrap\" data-name=\"your-type\"><select class=\"wpcf7-form-control wpcf7-select wpcf7-validates-as-required\" aria-required=\"true\" aria-invalid=\"false\" name=\"your-type\"><option value=\"\">&#8212;Please choose an option&#8212;<\/option><option value=\"Buchbinderei\">Buchbinderei<\/option><option value=\"Druckerei\">Druckerei<\/option><option value=\"Maschinenh\u00e4ndler\">Maschinenh\u00e4ndler<\/option><option value=\"\u00dcbrig\">\u00dcbrig<\/option><\/select><\/span>\n\t\t\t<\/p>\n\t\t<\/div>\n\t<\/div>\n\t<p><span class=\"wpcf7-form-control-wrap\" data-name=\"checkbox-256\"><span class=\"wpcf7-form-control wpcf7-checkbox\"><span class=\"wpcf7-list-item first last\"><input type=\"checkbox\" name=\"checkbox-256[]\" value=\"Ja, bitte senden Sie mir Ihren Newsletter\" \/><span class=\"wpcf7-list-item-label\">Ja, bitte senden Sie mir Ihren Newsletter<\/span><\/span><\/span><\/span>\n\t<\/p>\n\t<div class=\"form-row\">\n\t\t<div class=\"column-half\">\n\t\t\n\t\t<\/div>\n\t\t<div class=\"column-half\">\n\t\t\t<p><input class=\"wpcf7-form-control wpcf7-submit has-spinner\" type=\"submit\" value=\"Senden\" \/>\n\t\t\t<\/p>\n\t\t<\/div>\n\t<\/div>\n<\/div>\n<span class=\"wpcf7-form-control-wrap post_url\" data-name=\"post_url\"><input type=\"hidden\" name=\"post_url\" class=\"wpcf7-form-control wpcf7-hidden wpcf7dtx wpcf7dtx-hidden\" aria-invalid=\"false\" value=\"https:\/\/www.rob-son.nl\/de\/wp-json\/wp\/v2\/posts\/56842\"><\/span>\n<span class=\"wpcf7-form-control-wrap post_title\" data-name=\"post_title\"><input type=\"hidden\" name=\"post_title\" class=\"wpcf7-form-control wpcf7-hidden wpcf7dtx wpcf7dtx-hidden\" aria-invalid=\"false\" value=\"Ambaflex Spiralveyor SV\"><\/span>\n<\/form>\n<\/div>\n\n<\/div><\/section><\/div>\n","protected":false},"excerpt":{"rendered":"<p><span class=\"sold\">VERKAUFT<\/span><\/p>\n","protected":false},"author":1,"featured_media":62319,"comment_status":"closed","ping_status":"closed","sticky":false,"template":"","format":"standard","meta":{"footnotes":""},"categories":[183,656,168,67,184,182,841],"tags":[],"class_list":["post-56842","post","type-post","status-publish","format-standard","has-post-thumbnail","hentry","category-allgemeine-gerate-transportbandersystem","category-ambaflex","category-buchbindereimaschinen","category-peripheriegerate","category-transportbander","category-transportbandersystem","category-verkauft"],"yoast_head":"<!-- This site is optimized with the Yoast SEO plugin v27.2 - https:\/\/yoast.com\/product\/yoast-seo-wordpress\/ -->\n<title>Gebrauchte Ambaflex Spiralveyor SV zum Verkauf<\/title>\n<meta name=\"description\" content=\"Gebrauchte Ambaflex Spiralveyor SV Allzweck-Spiralf\u00f6rderer f\u00fcr mittelgro\u00dfe bis gro\u00dfe Produkte. Sofort lieferbar aus Lager die Niederlande.\" \/>\n<meta name=\"robots\" content=\"index, follow, max-snippet:-1, max-image-preview:large, max-video-preview:-1\" \/>\n<link rel=\"canonical\" href=\"https:\/\/www.rob-son.nl\/de\/buchbindereimaschinen\/klebebinder\/peripheriegerate\/ambaflex-spiralveyor-sv\/\" \/>\n<meta property=\"og:locale\" content=\"de_DE\" \/>\n<meta property=\"og:type\" content=\"article\" \/>\n<meta property=\"og:title\" content=\"Gebrauchte Ambaflex Spiralveyor SV zum Verkauf\" \/>\n<meta property=\"og:description\" content=\"Gebrauchte Ambaflex Spiralveyor SV Allzweck-Spiralf\u00f6rderer f\u00fcr mittelgro\u00dfe bis gro\u00dfe Produkte. Sofort lieferbar aus Lager die Niederlande.\" \/>\n<meta property=\"og:url\" content=\"https:\/\/www.rob-son.nl\/de\/buchbindereimaschinen\/klebebinder\/peripheriegerate\/ambaflex-spiralveyor-sv\/\" \/>\n<meta property=\"og:site_name\" content=\"Rob-Son Graphics International\" \/>\n<meta property=\"article:publisher\" content=\"https:\/\/www.facebook.com\/RobSonGraphicsInternational\" \/>\n<meta property=\"article:published_time\" content=\"2022-12-13T15:13:12+00:00\" \/>\n<meta property=\"article:modified_time\" content=\"2025-04-28T11:21:54+00:00\" \/>\n<meta property=\"og:image\" content=\"https:\/\/www.rob-son.nl\/wp-content\/uploads\/2022\/09\/Ambaflex-Spiralveyor-SV-spiral-conveyor-drying-tower-2016-1.jpeg\" \/>\n\t<meta property=\"og:image:width\" content=\"800\" \/>\n\t<meta property=\"og:image:height\" content=\"1067\" \/>\n\t<meta property=\"og:image:type\" content=\"image\/jpeg\" \/>\n<meta name=\"author\" content=\"Rob-Son\" \/>\n<script type=\"application\/ld+json\" class=\"yoast-schema-graph\">{\"@context\":\"https:\/\/schema.org\",\"@graph\":[{\"@type\":\"Article\",\"@id\":\"https:\/\/www.rob-son.nl\/de\/buchbindereimaschinen\/klebebinder\/peripheriegerate\/ambaflex-spiralveyor-sv\/#article\",\"isPartOf\":{\"@id\":\"https:\/\/www.rob-son.nl\/de\/buchbindereimaschinen\/klebebinder\/peripheriegerate\/ambaflex-spiralveyor-sv\/\"},\"author\":{\"name\":\"Rob-Son\",\"@id\":\"https:\/\/www.rob-son.nl\/de\/#\/schema\/person\/ec3332d1d24d268069766c4d291001f1\"},\"headline\":\"Ambaflex Spiralveyor SVVERKAUFT&nbsp;\",\"datePublished\":\"2022-12-13T15:13:12+00:00\",\"dateModified\":\"2025-04-28T11:21:54+00:00\",\"mainEntityOfPage\":{\"@id\":\"https:\/\/www.rob-son.nl\/de\/buchbindereimaschinen\/klebebinder\/peripheriegerate\/ambaflex-spiralveyor-sv\/\"},\"wordCount\":478,\"publisher\":{\"@id\":\"https:\/\/www.rob-son.nl\/de\/#organization\"},\"image\":{\"@id\":\"https:\/\/www.rob-son.nl\/de\/buchbindereimaschinen\/klebebinder\/peripheriegerate\/ambaflex-spiralveyor-sv\/#primaryimage\"},\"thumbnailUrl\":\"https:\/\/www.rob-son.nl\/wp-content\/uploads\/2022\/09\/Ambaflex-Spiralveyor-SV-spiral-conveyor-drying-tower-2016-1.jpeg\",\"articleSection\":[\"Allgemeine Ger\u00e4te\",\"Ambaflex\",\"Buchbindereimaschinen\",\"Peripherieger\u00e4te\",\"Transportb\u00e4nder\",\"Transportb\u00e4ndersystem\",\"Verkauft\"],\"inLanguage\":\"de\"},{\"@type\":\"WebPage\",\"@id\":\"https:\/\/www.rob-son.nl\/de\/buchbindereimaschinen\/klebebinder\/peripheriegerate\/ambaflex-spiralveyor-sv\/\",\"url\":\"https:\/\/www.rob-son.nl\/de\/buchbindereimaschinen\/klebebinder\/peripheriegerate\/ambaflex-spiralveyor-sv\/\",\"name\":\"Gebrauchte Ambaflex Spiralveyor SV zum Verkauf\",\"isPartOf\":{\"@id\":\"https:\/\/www.rob-son.nl\/de\/#website\"},\"primaryImageOfPage\":{\"@id\":\"https:\/\/www.rob-son.nl\/de\/buchbindereimaschinen\/klebebinder\/peripheriegerate\/ambaflex-spiralveyor-sv\/#primaryimage\"},\"image\":{\"@id\":\"https:\/\/www.rob-son.nl\/de\/buchbindereimaschinen\/klebebinder\/peripheriegerate\/ambaflex-spiralveyor-sv\/#primaryimage\"},\"thumbnailUrl\":\"https:\/\/www.rob-son.nl\/wp-content\/uploads\/2022\/09\/Ambaflex-Spiralveyor-SV-spiral-conveyor-drying-tower-2016-1.jpeg\",\"datePublished\":\"2022-12-13T15:13:12+00:00\",\"dateModified\":\"2025-04-28T11:21:54+00:00\",\"description\":\"Gebrauchte Ambaflex Spiralveyor SV Allzweck-Spiralf\u00f6rderer f\u00fcr mittelgro\u00dfe bis gro\u00dfe Produkte. Sofort lieferbar aus Lager die Niederlande.\",\"breadcrumb\":{\"@id\":\"https:\/\/www.rob-son.nl\/de\/buchbindereimaschinen\/klebebinder\/peripheriegerate\/ambaflex-spiralveyor-sv\/#breadcrumb\"},\"inLanguage\":\"de\",\"potentialAction\":[{\"@type\":\"ReadAction\",\"target\":[\"https:\/\/www.rob-son.nl\/de\/buchbindereimaschinen\/klebebinder\/peripheriegerate\/ambaflex-spiralveyor-sv\/\"]}]},{\"@type\":\"ImageObject\",\"inLanguage\":\"de\",\"@id\":\"https:\/\/www.rob-son.nl\/de\/buchbindereimaschinen\/klebebinder\/peripheriegerate\/ambaflex-spiralveyor-sv\/#primaryimage\",\"url\":\"https:\/\/www.rob-son.nl\/wp-content\/uploads\/2022\/09\/Ambaflex-Spiralveyor-SV-spiral-conveyor-drying-tower-2016-1.jpeg\",\"contentUrl\":\"https:\/\/www.rob-son.nl\/wp-content\/uploads\/2022\/09\/Ambaflex-Spiralveyor-SV-spiral-conveyor-drying-tower-2016-1.jpeg\",\"width\":800,\"height\":1067},{\"@type\":\"BreadcrumbList\",\"@id\":\"https:\/\/www.rob-son.nl\/de\/buchbindereimaschinen\/klebebinder\/peripheriegerate\/ambaflex-spiralveyor-sv\/#breadcrumb\",\"itemListElement\":[{\"@type\":\"ListItem\",\"position\":1,\"name\":\"Home\",\"item\":\"https:\/\/www.rob-son.nl\/de\/\"},{\"@type\":\"ListItem\",\"position\":2,\"name\":\"Ambaflex Spiralveyor SVVERKAUFT&nbsp;\"}]},{\"@type\":\"WebSite\",\"@id\":\"https:\/\/www.rob-son.nl\/de\/#website\",\"url\":\"https:\/\/www.rob-son.nl\/de\/\",\"name\":\"Rob-Son Graphics International\",\"description\":\"Gebruikte Grafische Boekbinderij Machines\",\"publisher\":{\"@id\":\"https:\/\/www.rob-son.nl\/de\/#organization\"},\"alternateName\":\"Rob-Son Graphics\",\"potentialAction\":[{\"@type\":\"SearchAction\",\"target\":{\"@type\":\"EntryPoint\",\"urlTemplate\":\"https:\/\/www.rob-son.nl\/de\/?s={search_term_string}\"},\"query-input\":{\"@type\":\"PropertyValueSpecification\",\"valueRequired\":true,\"valueName\":\"search_term_string\"}}],\"inLanguage\":\"de\"},{\"@type\":\"Organization\",\"@id\":\"https:\/\/www.rob-son.nl\/de\/#organization\",\"name\":\"Rob-Son Graphics International B.V.\",\"url\":\"https:\/\/www.rob-son.nl\/de\/\",\"logo\":{\"@type\":\"ImageObject\",\"inLanguage\":\"de\",\"@id\":\"https:\/\/www.rob-son.nl\/de\/#\/schema\/logo\/image\/\",\"url\":\"https:\/\/www.rob-son.nl\/wp-content\/uploads\/2021\/01\/RobSonGraphicsInternational.png\",\"contentUrl\":\"https:\/\/www.rob-son.nl\/wp-content\/uploads\/2021\/01\/RobSonGraphicsInternational.png\",\"width\":350,\"height\":160,\"caption\":\"Rob-Son Graphics International B.V.\"},\"image\":{\"@id\":\"https:\/\/www.rob-son.nl\/de\/#\/schema\/logo\/image\/\"},\"sameAs\":[\"https:\/\/www.facebook.com\/RobSonGraphicsInternational\",\"https:\/\/www.linkedin.com\/company\/rob-son-graphics-international\",\"https:\/\/www.youtube.com\/c\/RobSonGraphicsInternationalAalst\"]},{\"@type\":\"Person\",\"@id\":\"https:\/\/www.rob-son.nl\/de\/#\/schema\/person\/ec3332d1d24d268069766c4d291001f1\",\"name\":\"Rob-Son\",\"image\":{\"@type\":\"ImageObject\",\"inLanguage\":\"de\",\"@id\":\"https:\/\/secure.gravatar.com\/avatar\/3e31ca3e3cc79fc5d549ee471ddfbb5f2ba1f00782ccb8c85df81df576a4e45a?s=96&d=mm&r=g\",\"url\":\"https:\/\/secure.gravatar.com\/avatar\/3e31ca3e3cc79fc5d549ee471ddfbb5f2ba1f00782ccb8c85df81df576a4e45a?s=96&d=mm&r=g\",\"contentUrl\":\"https:\/\/secure.gravatar.com\/avatar\/3e31ca3e3cc79fc5d549ee471ddfbb5f2ba1f00782ccb8c85df81df576a4e45a?s=96&d=mm&r=g\",\"caption\":\"Rob-Son\"},\"sameAs\":[\"https:\/\/www.rob-son.nl\"]}]}<\/script>\n<!-- \/ Yoast SEO plugin. -->","yoast_head_json":{"title":"Gebrauchte Ambaflex Spiralveyor SV zum Verkauf","description":"Gebrauchte Ambaflex Spiralveyor SV Allzweck-Spiralf\u00f6rderer f\u00fcr mittelgro\u00dfe bis gro\u00dfe Produkte. Sofort lieferbar aus Lager die Niederlande.","robots":{"index":"index","follow":"follow","max-snippet":"max-snippet:-1","max-image-preview":"max-image-preview:large","max-video-preview":"max-video-preview:-1"},"canonical":"https:\/\/www.rob-son.nl\/de\/buchbindereimaschinen\/klebebinder\/peripheriegerate\/ambaflex-spiralveyor-sv\/","og_locale":"de_DE","og_type":"article","og_title":"Gebrauchte Ambaflex Spiralveyor SV zum Verkauf","og_description":"Gebrauchte Ambaflex Spiralveyor SV Allzweck-Spiralf\u00f6rderer f\u00fcr mittelgro\u00dfe bis gro\u00dfe Produkte. Sofort lieferbar aus Lager die Niederlande.","og_url":"https:\/\/www.rob-son.nl\/de\/buchbindereimaschinen\/klebebinder\/peripheriegerate\/ambaflex-spiralveyor-sv\/","og_site_name":"Rob-Son Graphics International","article_publisher":"https:\/\/www.facebook.com\/RobSonGraphicsInternational","article_published_time":"2022-12-13T15:13:12+00:00","article_modified_time":"2025-04-28T11:21:54+00:00","og_image":[{"width":800,"height":1067,"url":"https:\/\/www.rob-son.nl\/wp-content\/uploads\/2022\/09\/Ambaflex-Spiralveyor-SV-spiral-conveyor-drying-tower-2016-1.jpeg","type":"image\/jpeg"}],"author":"Rob-Son","schema":{"@context":"https:\/\/schema.org","@graph":[{"@type":"Article","@id":"https:\/\/www.rob-son.nl\/de\/buchbindereimaschinen\/klebebinder\/peripheriegerate\/ambaflex-spiralveyor-sv\/#article","isPartOf":{"@id":"https:\/\/www.rob-son.nl\/de\/buchbindereimaschinen\/klebebinder\/peripheriegerate\/ambaflex-spiralveyor-sv\/"},"author":{"name":"Rob-Son","@id":"https:\/\/www.rob-son.nl\/de\/#\/schema\/person\/ec3332d1d24d268069766c4d291001f1"},"headline":"Ambaflex Spiralveyor SVVERKAUFT&nbsp;","datePublished":"2022-12-13T15:13:12+00:00","dateModified":"2025-04-28T11:21:54+00:00","mainEntityOfPage":{"@id":"https:\/\/www.rob-son.nl\/de\/buchbindereimaschinen\/klebebinder\/peripheriegerate\/ambaflex-spiralveyor-sv\/"},"wordCount":478,"publisher":{"@id":"https:\/\/www.rob-son.nl\/de\/#organization"},"image":{"@id":"https:\/\/www.rob-son.nl\/de\/buchbindereimaschinen\/klebebinder\/peripheriegerate\/ambaflex-spiralveyor-sv\/#primaryimage"},"thumbnailUrl":"https:\/\/www.rob-son.nl\/wp-content\/uploads\/2022\/09\/Ambaflex-Spiralveyor-SV-spiral-conveyor-drying-tower-2016-1.jpeg","articleSection":["Allgemeine Ger\u00e4te","Ambaflex","Buchbindereimaschinen","Peripherieger\u00e4te","Transportb\u00e4nder","Transportb\u00e4ndersystem","Verkauft"],"inLanguage":"de"},{"@type":"WebPage","@id":"https:\/\/www.rob-son.nl\/de\/buchbindereimaschinen\/klebebinder\/peripheriegerate\/ambaflex-spiralveyor-sv\/","url":"https:\/\/www.rob-son.nl\/de\/buchbindereimaschinen\/klebebinder\/peripheriegerate\/ambaflex-spiralveyor-sv\/","name":"Gebrauchte Ambaflex Spiralveyor SV zum Verkauf","isPartOf":{"@id":"https:\/\/www.rob-son.nl\/de\/#website"},"primaryImageOfPage":{"@id":"https:\/\/www.rob-son.nl\/de\/buchbindereimaschinen\/klebebinder\/peripheriegerate\/ambaflex-spiralveyor-sv\/#primaryimage"},"image":{"@id":"https:\/\/www.rob-son.nl\/de\/buchbindereimaschinen\/klebebinder\/peripheriegerate\/ambaflex-spiralveyor-sv\/#primaryimage"},"thumbnailUrl":"https:\/\/www.rob-son.nl\/wp-content\/uploads\/2022\/09\/Ambaflex-Spiralveyor-SV-spiral-conveyor-drying-tower-2016-1.jpeg","datePublished":"2022-12-13T15:13:12+00:00","dateModified":"2025-04-28T11:21:54+00:00","description":"Gebrauchte Ambaflex Spiralveyor SV Allzweck-Spiralf\u00f6rderer f\u00fcr mittelgro\u00dfe bis gro\u00dfe Produkte. Sofort lieferbar aus Lager die Niederlande.","breadcrumb":{"@id":"https:\/\/www.rob-son.nl\/de\/buchbindereimaschinen\/klebebinder\/peripheriegerate\/ambaflex-spiralveyor-sv\/#breadcrumb"},"inLanguage":"de","potentialAction":[{"@type":"ReadAction","target":["https:\/\/www.rob-son.nl\/de\/buchbindereimaschinen\/klebebinder\/peripheriegerate\/ambaflex-spiralveyor-sv\/"]}]},{"@type":"ImageObject","inLanguage":"de","@id":"https:\/\/www.rob-son.nl\/de\/buchbindereimaschinen\/klebebinder\/peripheriegerate\/ambaflex-spiralveyor-sv\/#primaryimage","url":"https:\/\/www.rob-son.nl\/wp-content\/uploads\/2022\/09\/Ambaflex-Spiralveyor-SV-spiral-conveyor-drying-tower-2016-1.jpeg","contentUrl":"https:\/\/www.rob-son.nl\/wp-content\/uploads\/2022\/09\/Ambaflex-Spiralveyor-SV-spiral-conveyor-drying-tower-2016-1.jpeg","width":800,"height":1067},{"@type":"BreadcrumbList","@id":"https:\/\/www.rob-son.nl\/de\/buchbindereimaschinen\/klebebinder\/peripheriegerate\/ambaflex-spiralveyor-sv\/#breadcrumb","itemListElement":[{"@type":"ListItem","position":1,"name":"Home","item":"https:\/\/www.rob-son.nl\/de\/"},{"@type":"ListItem","position":2,"name":"Ambaflex Spiralveyor SVVERKAUFT&nbsp;"}]},{"@type":"WebSite","@id":"https:\/\/www.rob-son.nl\/de\/#website","url":"https:\/\/www.rob-son.nl\/de\/","name":"Rob-Son Graphics International","description":"Gebruikte Grafische Boekbinderij Machines","publisher":{"@id":"https:\/\/www.rob-son.nl\/de\/#organization"},"alternateName":"Rob-Son Graphics","potentialAction":[{"@type":"SearchAction","target":{"@type":"EntryPoint","urlTemplate":"https:\/\/www.rob-son.nl\/de\/?s={search_term_string}"},"query-input":{"@type":"PropertyValueSpecification","valueRequired":true,"valueName":"search_term_string"}}],"inLanguage":"de"},{"@type":"Organization","@id":"https:\/\/www.rob-son.nl\/de\/#organization","name":"Rob-Son Graphics International B.V.","url":"https:\/\/www.rob-son.nl\/de\/","logo":{"@type":"ImageObject","inLanguage":"de","@id":"https:\/\/www.rob-son.nl\/de\/#\/schema\/logo\/image\/","url":"https:\/\/www.rob-son.nl\/wp-content\/uploads\/2021\/01\/RobSonGraphicsInternational.png","contentUrl":"https:\/\/www.rob-son.nl\/wp-content\/uploads\/2021\/01\/RobSonGraphicsInternational.png","width":350,"height":160,"caption":"Rob-Son Graphics International B.V."},"image":{"@id":"https:\/\/www.rob-son.nl\/de\/#\/schema\/logo\/image\/"},"sameAs":["https:\/\/www.facebook.com\/RobSonGraphicsInternational","https:\/\/www.linkedin.com\/company\/rob-son-graphics-international","https:\/\/www.youtube.com\/c\/RobSonGraphicsInternationalAalst"]},{"@type":"Person","@id":"https:\/\/www.rob-son.nl\/de\/#\/schema\/person\/ec3332d1d24d268069766c4d291001f1","name":"Rob-Son","image":{"@type":"ImageObject","inLanguage":"de","@id":"https:\/\/secure.gravatar.com\/avatar\/3e31ca3e3cc79fc5d549ee471ddfbb5f2ba1f00782ccb8c85df81df576a4e45a?s=96&d=mm&r=g","url":"https:\/\/secure.gravatar.com\/avatar\/3e31ca3e3cc79fc5d549ee471ddfbb5f2ba1f00782ccb8c85df81df576a4e45a?s=96&d=mm&r=g","contentUrl":"https:\/\/secure.gravatar.com\/avatar\/3e31ca3e3cc79fc5d549ee471ddfbb5f2ba1f00782ccb8c85df81df576a4e45a?s=96&d=mm&r=g","caption":"Rob-Son"},"sameAs":["https:\/\/www.rob-son.nl"]}]}},"_links":{"self":[{"href":"https:\/\/www.rob-son.nl\/de\/wp-json\/wp\/v2\/posts\/56842","targetHints":{"allow":["GET"]}}],"collection":[{"href":"https:\/\/www.rob-son.nl\/de\/wp-json\/wp\/v2\/posts"}],"about":[{"href":"https:\/\/www.rob-son.nl\/de\/wp-json\/wp\/v2\/types\/post"}],"author":[{"embeddable":true,"href":"https:\/\/www.rob-son.nl\/de\/wp-json\/wp\/v2\/users\/1"}],"replies":[{"embeddable":true,"href":"https:\/\/www.rob-son.nl\/de\/wp-json\/wp\/v2\/comments?post=56842"}],"version-history":[{"count":3,"href":"https:\/\/www.rob-son.nl\/de\/wp-json\/wp\/v2\/posts\/56842\/revisions"}],"predecessor-version":[{"id":56862,"href":"https:\/\/www.rob-son.nl\/de\/wp-json\/wp\/v2\/posts\/56842\/revisions\/56862"}],"wp:featuredmedia":[{"embeddable":true,"href":"https:\/\/www.rob-son.nl\/de\/wp-json\/wp\/v2\/media\/62319"}],"wp:attachment":[{"href":"https:\/\/www.rob-son.nl\/de\/wp-json\/wp\/v2\/media?parent=56842"}],"wp:term":[{"taxonomy":"category","embeddable":true,"href":"https:\/\/www.rob-son.nl\/de\/wp-json\/wp\/v2\/categories?post=56842"},{"taxonomy":"post_tag","embeddable":true,"href":"https:\/\/www.rob-son.nl\/de\/wp-json\/wp\/v2\/tags?post=56842"}],"curies":[{"name":"wp","href":"https:\/\/api.w.org\/{rel}","templated":true}]}}